{"id":8951,"date":"2019-09-03T13:25:55","date_gmt":"2019-09-03T13:25:55","guid":{"rendered":"https:\/\/www.agrimprove.com\/vitafibra-the-third-generation-of-fibers\/"},"modified":"2026-04-22T08:23:43","modified_gmt":"2026-04-22T08:23:43","slug":"vitafibra-the-third-generation-of-fibers","status":"publish","type":"post","link":"https:\/\/www.agrimprove.com\/pt-br\/vitafibra-the-third-generation-of-fibers\/","title":{"rendered":"Vitafibra: A terceira gera\u00e7\u00e3o de fibras"},"content":{"rendered":"\n<p>Por Kobe Lannoo, Global Lead Swine<\/p>\n\n\n\n<p>H\u00e1 d\u00e9cadas que nutricionistas do mundo todo est\u00e3o usando fibras na nutri\u00e7\u00e3o animal. Essas fibras diet\u00e9ticas podem aumentar o tempo de passagem no est\u00f4mago, aumentando ou diminuindo a sensa\u00e7\u00e3o de saciedade dos animais, alterando a viscosidade dos alimentos, al\u00e9m de outras aplica\u00e7\u00f5es. Nos anos iniciais do s\u00e9culo 21, a ind\u00fastria come\u00e7ou a se concentrar mais nos aspectos probi\u00f3ticos de certas combina\u00e7\u00f5es de fibras e a\u00e7\u00facares. Produtos beta-glucanos, MOS, FOS, XOS e, mais recentemente, GOS podem apresentar bons efeitos de modular a microbiota atrav\u00e9s do est\u00edmulo positivo do crescimento de alguns grupos bacterianos favor\u00e1veis que aumentam a sa\u00fade intestinal e, dessa forma, aumentam a sa\u00fade animal de forma indireta. <\/p>\n\n\n\n<p>A Agrifirm deu um passo al\u00e9m e desenvolveu a terceira gera\u00e7\u00e3o de fra\u00e7\u00f5es de fibras funcionais (Vitafibra), que afetam bact\u00e9rias patog\u00eanicas (aglutina\u00e7\u00e3o) e toxinas (bloqueadores de receptores) de modo direto. <\/p>\n\n\n\n<p>As mol\u00e9culas de fibra s\u00e3o extra\u00eddas de fontes naturais e selecionadas com base nas suas habilidades espec\u00edficas de aglutinar pat\u00f3genos. A fibra funcional, que \u00e9 comercializada sob o conceito Alvo Zero de desmame (www.aim-4-zero.com), \u00e9 uma fibra inerte, mas altamente sol\u00favel. <\/p>\n\n\n\n<figure class=\"wp-block-image\"><img loading=\"lazy\" decoding=\"async\" width=\"1024\" height=\"558\" src=\"https:\/\/www.agrimprove.com\/wp-content\/uploads\/2019\/09\/vitafibra1-1-1024x558.png\" alt=\"\" class=\"wp-image-1262\" srcset=\"https:\/\/www.agrimprove.com\/wp-content\/uploads\/2019\/09\/vitafibra1-1-1024x558.png 1024w, https:\/\/www.agrimprove.com\/wp-content\/uploads\/2019\/09\/vitafibra1-1-300x164.png 300w, https:\/\/www.agrimprove.com\/wp-content\/uploads\/2019\/09\/vitafibra1-1-768x419.png 768w, https:\/\/www.agrimprove.com\/wp-content\/uploads\/2019\/09\/vitafibra1-1-475x259.png 475w, https:\/\/www.agrimprove.com\/wp-content\/uploads\/2019\/09\/vitafibra1-1-320x174.png 320w, https:\/\/www.agrimprove.com\/wp-content\/uploads\/2019\/09\/vitafibra1-1-200x109.png 200w, https:\/\/www.agrimprove.com\/wp-content\/uploads\/2019\/09\/vitafibra1-1-384x209.png 384w, https:\/\/www.agrimprove.com\/wp-content\/uploads\/2019\/09\/vitafibra1-1-1073x585.png 1073w, https:\/\/www.agrimprove.com\/wp-content\/uploads\/2019\/09\/vitafibra1-1-600x327.png 600w, https:\/\/www.agrimprove.com\/wp-content\/uploads\/2019\/09\/vitafibra1-1.png 1238w\" sizes=\"auto, (max-width: 1024px) 100vw, 1024px\" \/><\/figure>\n\n\n\n<p>Pela aglutina\u00e7\u00e3o dos pat\u00f3genos (como a E. Coli), \u00e9 poss\u00edvel lav\u00e1-los do intestino, evitando que os animais tenham infecc\u00e7\u00f5es. Essa aglutina\u00e7\u00e3o foi claramente demonstrada em um modelo in vitro. Por filtrar uma mistura de E.coli e Vitafibra usando um filtro com poros de tamanho suficiente para deixar uma \u00fanica bact\u00e9ria de E. Coli passar, vimos uma diminui\u00e7\u00e3o de unidades 2 LOG de E.Coli na filtragem (Figura 1). Isso indica que a maior parte da E.Coli n\u00e3o passou pelo filtro porque foi aglutinada pelo Vitafibra. <\/p>\n\n\n\n<figure class=\"wp-block-image\"><img loading=\"lazy\" decoding=\"async\" width=\"1024\" height=\"534\" src=\"https:\/\/www.agrimprove.com\/wp-content\/uploads\/2019\/09\/vitafibra2-1024x534.png\" alt=\"\" class=\"wp-image-1260\" srcset=\"https:\/\/www.agrimprove.com\/wp-content\/uploads\/2019\/09\/vitafibra2-1024x534.png 1024w, https:\/\/www.agrimprove.com\/wp-content\/uploads\/2019\/09\/vitafibra2-300x157.png 300w, https:\/\/www.agrimprove.com\/wp-content\/uploads\/2019\/09\/vitafibra2-768x401.png 768w, https:\/\/www.agrimprove.com\/wp-content\/uploads\/2019\/09\/vitafibra2-475x248.png 475w, https:\/\/www.agrimprove.com\/wp-content\/uploads\/2019\/09\/vitafibra2-320x167.png 320w, https:\/\/www.agrimprove.com\/wp-content\/uploads\/2019\/09\/vitafibra2-200x104.png 200w, https:\/\/www.agrimprove.com\/wp-content\/uploads\/2019\/09\/vitafibra2-384x200.png 384w, https:\/\/www.agrimprove.com\/wp-content\/uploads\/2019\/09\/vitafibra2-1073x560.png 1073w, https:\/\/www.agrimprove.com\/wp-content\/uploads\/2019\/09\/vitafibra2-600x313.png 600w, https:\/\/www.agrimprove.com\/wp-content\/uploads\/2019\/09\/vitafibra2.png 1238w\" sizes=\"auto, (max-width: 1024px) 100vw, 1024px\" \/><\/figure>\n\n\n\n<p>Al\u00e9m de aglutinar pat\u00f3genos, o Vitafibra consegue bloquear endotoxinas, por exemplo. As endotoxinas, como parte da membrana celular bacteriana da E. Coli, resultam em inflama\u00e7\u00e3o mesmo depois da destrui\u00e7\u00e3o da bact\u00e9ria. Elas se ligam a  receptores celulares TLR e ativam uma sequ\u00eancia de mecanismos que resultam na produ\u00e7\u00e3o de citocinas (IL-1, IL-6, TNF). Essas citocinas causam a inflama\u00e7\u00e3o local do intestino, o que resulta na diarreia p\u00f3s-desmame. As fra\u00e7\u00f5es de fibra espec\u00edficas do Vitafibra protegem os receptores TLR, bloqueando essa sequ\u00eancia intracelular. Isso foi demonstrado na universidade de Groningen com a linha celular geneticamente modificada HEK-BlueTM-4, que consegue trocar a cor do meio quando os receptores e a sequ\u00eancia s\u00e3o ativados. Tratar as c\u00e9lulas com endotoxinas resultou em um aumento de 14 vezes da intensidade da cor em compara\u00e7\u00e3o com o controle negativo (Figura 2). Na presen\u00e7a do Vitafibra, por\u00e9m, a intensidade da cor se manteve nos n\u00edveis normais, indicando que o mecanismo de sequ\u00eancia intracelular n\u00e3o foi ativado. <\/p>\n\n\n\n<figure class=\"wp-block-image\"><img loading=\"lazy\" decoding=\"async\" width=\"621\" height=\"216\" src=\"https:\/\/www.agrimprove.com\/wp-content\/uploads\/2019\/09\/vitafibragraph.png\" alt=\"\" class=\"wp-image-8957\" srcset=\"https:\/\/www.agrimprove.com\/wp-content\/uploads\/2019\/09\/vitafibragraph.png 621w, https:\/\/www.agrimprove.com\/wp-content\/uploads\/2019\/09\/vitafibragraph-300x104.png 300w, https:\/\/www.agrimprove.com\/wp-content\/uploads\/2019\/09\/vitafibragraph-475x165.png 475w, https:\/\/www.agrimprove.com\/wp-content\/uploads\/2019\/09\/vitafibragraph-320x111.png 320w, https:\/\/www.agrimprove.com\/wp-content\/uploads\/2019\/09\/vitafibragraph-384x134.png 384w, https:\/\/www.agrimprove.com\/wp-content\/uploads\/2019\/09\/vitafibragraph-600x209.png 600w\" sizes=\"auto, (max-width: 621px) 100vw, 621px\" \/><\/figure>\n\n\n\n<p>Trazendo isso para uma situa\u00e7\u00e3o in vivo, isso significa que os leit\u00f5es p\u00f3s-desmame, sempre sob uma alta press\u00e3o de endotoxinas, estar\u00e3o menos expostos a inflama\u00e7\u00e3o local e ser\u00e3o menos suscet\u00edveis a diarreia. <\/p>\n\n\n\n<h2 class=\"wp-block-heading\"><span style=\"color: #DB8E17\" class=\"text-color\">Conclus\u00e3o<\/span><\/h2>\n\n\n\n<p>Junto com as fibras diet\u00e9ticas e probi\u00f3ticas, agora tamb\u00e9m \u00e9 poss\u00edvel usar fra\u00e7\u00f5es de fibras funcionais, as quais exercem um impacto direto sobre pat\u00f3genos como a E. Coli. O Vitazero e a Vitafibra disponibilizam essa nova gera\u00e7\u00e3o de fibras \u00e0 ind\u00fastria e j\u00e1 est\u00e3o se mostrando eficazes com alimenta\u00e7\u00f5es livre de zinco em diferentes pa\u00edses da Europa. <\/p>\n\n\n\n<section id=\"agri-contact-tile-block_3e3f7ec40aab3d085626ac7ee281f1b7\" class=\"section section--gutenberg agri-contact-tile\">\n    <div class=\"container\">\n        <div class=\"columns\">\n            \n                            <div class=\"column is-full is-10-tablet is-offset-1-tablet\">\n                                                <h2>Entre em contato com seu especialista Agrimprove<\/h2>\n                    <p><\/p>\n                                <\/div>\n        <\/div>\n        <div class=\"columns\">\n                            <div class=\"column is-full\">\n                                            <div class=\"contact-tile-wrapper\">\n                    <div class=\"contact-tile  contact-tile--empty\">\n                                                <div class=\"content-01\">\n                            <div class=\"name\">Marc  Intven<\/div>\n                            <div class=\"function\">Sales Manager<\/div>\n                        <\/div>\n                        <div class=\"content-02\">\n                                                        <div class=\"email\">\n                                <svg class='icon-before' xmlns=\"http:\/\/www.w3.org\/2000\/svg\" width=\"18.5\" height=\"13.643\" viewBox=\"0 0 18.5 13.643\">\n                                    <g data-name=\"streamline-icon-email-action-unread@24x24\" transform=\"translate(-0.75 -4)\">\n                                        <path d=\"M2.714,4.75H17.286A1.215,1.215,0,0,1,18.5,5.964v9.714a1.215,1.215,0,0,1-1.214,1.214H2.714A1.215,1.215,0,0,1,1.5,15.679V5.964A1.215,1.215,0,0,1,2.714,4.75Z\" fill=\"none\" stroke=\"#db8e17\" stroke-linecap=\"round\" stroke-linejoin=\"round\" stroke-width=\"1.5\"\/>\n                                        <path d=\"M18.161,5.3,11.62,11.564a2.255,2.255,0,0,1-3.24,0L1.839,5.3\" transform=\"translate(0)\" fill=\"none\" stroke=\"#db8e17\" stroke-linecap=\"round\" stroke-linejoin=\"round\" stroke-width=\"1.5\"\/>\n                                    <\/g>\n                                <\/svg>\n                                <a href=\"mailto:m.intven@nuscience.eu\">m.intven@nuscience.eu<\/a>\n                                <svg class='icon-after' width=\"12px\" height=\"11px\" viewBox=\"0 0 12 11\" version=\"1.1\" xmlns=\"http:\/\/www.w3.org\/2000\/svg\" xmlns:xlink=\"http:\/\/www.w3.org\/1999\/xlink\">\n                                    <g stroke=\"none\" stroke-width=\"1\" fill=\"none\" fill-rule=\"evenodd\">\n                                        <g transform=\"translate(-285.000000, -4382.000000)\" stroke=\"#CC8A00\" stroke-width=\"2\">\n                                            <g transform=\"translate(16.000000, 4233.000000)\">\n                                                <g transform=\"translate(16.600505, 144.000000)\">\n                                                    <g transform=\"translate(252.399495, 6.000000)\">\n                                                        <polyline transform=\"translate(5.384615, 4.615385) rotate(135.000000) translate(-5.384615, -4.615385) \" points=\"2.30769231 7.69230769 2.30769231 1.53846154 8.46153846 1.53846154\"><\/polyline>\n                                                        <line x1=\"0\" y1=\"4.61538462\" x2=\"9.23076923\" y2=\"4.61538462\"><\/line>\n                                                    <\/g>\n                                                <\/g>\n                                            <\/g>\n                                        <\/g>\n                                    <\/g>\n                                <\/svg>\n                            <\/div>\n                                                        \n                                                    <\/div>\n                    <\/div>\n                <\/div>\n                            <\/div>\n        <\/div>\n    <\/div>\n<\/section>","protected":false},"excerpt":{"rendered":"<p>Por Kobe Lannoo, Global Lead Swine H\u00e1 d\u00e9cadas que nutricionistas do mundo todo est\u00e3o usando fibras na nutri\u00e7\u00e3o animal. Essas fibras diet\u00e9ticas podem aumentar o tempo de passagem no est\u00f4mago, aumentando ou diminuindo a sensa\u00e7\u00e3o de saciedade dos animais, alterando a viscosidade dos alimentos, al\u00e9m de outras aplica\u00e7\u00f5es. Nos anos iniciais do s\u00e9culo 21, a [&hellip;]<\/p>\n","protected":false},"author":1,"featured_media":8934,"comment_status":"open","ping_status":"open","sticky":false,"template":"","format":"standard","meta":{"_acf_changed":false,"footnotes":""},"categories":[323],"tags":[],"class_list":["post-8951","post","type-post","status-publish","format-standard","has-post-thumbnail","hentry","category-expert-content-pt-br"],"acf":[],"yoast_head":"<!-- This site is optimized with the Yoast SEO plugin v26.9 - https:\/\/yoast.com\/product\/yoast-seo-wordpress\/ -->\n<title>Vitafibra: A terceira gera\u00e7\u00e3o de fibras - Agrimprove<\/title>\n<meta name=\"description\" content=\"Descubra o Vitafibra, fibras de terceira gera\u00e7\u00e3o, e seu papel na nutri\u00e7\u00e3o animal, com informa\u00e7\u00f5es sobre funcionalidade e estrat\u00e9gias de alimenta\u00e7\u00e3o.\" \/>\n<meta name=\"robots\" content=\"index, follow, max-snippet:-1, max-image-preview:large, max-video-preview:-1\" \/>\n<link rel=\"canonical\" href=\"https:\/\/www.agrimprove.com\/pt-br\/vitafibra-the-third-generation-of-fibers\/\" \/>\n<meta property=\"og:locale\" content=\"pt_BR\" \/>\n<meta property=\"og:type\" content=\"article\" \/>\n<meta property=\"og:title\" content=\"Vitafibra: A terceira gera\u00e7\u00e3o de fibras - Agrimprove\" \/>\n<meta property=\"og:description\" content=\"Descubra o Vitafibra, fibras de terceira gera\u00e7\u00e3o, e seu papel na nutri\u00e7\u00e3o animal, com informa\u00e7\u00f5es sobre funcionalidade e estrat\u00e9gias de alimenta\u00e7\u00e3o.\" \/>\n<meta property=\"og:url\" content=\"https:\/\/www.agrimprove.com\/pt-br\/vitafibra-the-third-generation-of-fibers\/\" \/>\n<meta property=\"og:site_name\" content=\"Agrimprove\" \/>\n<meta property=\"article:publisher\" content=\"https:\/\/www.facebook.com\/Agrimprove-107026970835037\" \/>\n<meta property=\"article:published_time\" content=\"2019-09-03T13:25:55+00:00\" \/>\n<meta property=\"article:modified_time\" content=\"2026-04-22T08:23:43+00:00\" \/>\n<meta property=\"og:image\" content=\"https:\/\/www.agrimprove.com\/wp-content\/uploads\/2019\/09\/shutterstock_519329620_sized.jpg\" \/>\n\t<meta property=\"og:image:width\" content=\"2560\" \/>\n\t<meta property=\"og:image:height\" content=\"1707\" \/>\n\t<meta property=\"og:image:type\" content=\"image\/jpeg\" \/>\n<meta name=\"author\" content=\"thinc\" \/>\n<meta name=\"twitter:card\" content=\"summary_large_image\" \/>\n<meta name=\"twitter:label1\" content=\"Escrito por\" \/>\n\t<meta name=\"twitter:data1\" content=\"thinc\" \/>\n\t<meta name=\"twitter:label2\" content=\"Est. tempo de leitura\" \/>\n\t<meta name=\"twitter:data2\" content=\"4 minutos\" \/>\n<script type=\"application\/ld+json\" class=\"yoast-schema-graph\">{\"@context\":\"https:\/\/schema.org\",\"@graph\":[{\"@type\":\"Article\",\"@id\":\"https:\/\/www.agrimprove.com\/pt-br\/vitafibra-the-third-generation-of-fibers\/#article\",\"isPartOf\":{\"@id\":\"https:\/\/www.agrimprove.com\/pt-br\/vitafibra-the-third-generation-of-fibers\/\"},\"author\":{\"name\":\"thinc\",\"@id\":\"https:\/\/www.agrimprove.com\/pt-br\/#\/schema\/person\/74696d390f9412a77e4309b63117c0fb\"},\"headline\":\"Vitafibra: A terceira gera\u00e7\u00e3o de fibras\",\"datePublished\":\"2019-09-03T13:25:55+00:00\",\"dateModified\":\"2026-04-22T08:23:43+00:00\",\"mainEntityOfPage\":{\"@id\":\"https:\/\/www.agrimprove.com\/pt-br\/vitafibra-the-third-generation-of-fibers\/\"},\"wordCount\":602,\"commentCount\":0,\"image\":{\"@id\":\"https:\/\/www.agrimprove.com\/pt-br\/vitafibra-the-third-generation-of-fibers\/#primaryimage\"},\"thumbnailUrl\":\"https:\/\/www.agrimprove.com\/wp-content\/uploads\/2019\/09\/shutterstock_519329620_sized.jpg\",\"articleSection\":[\"Conte\u00fado especializado\"],\"inLanguage\":\"pt-BR\",\"potentialAction\":[{\"@type\":\"CommentAction\",\"name\":\"Comment\",\"target\":[\"https:\/\/www.agrimprove.com\/pt-br\/vitafibra-the-third-generation-of-fibers\/#respond\"]}]},{\"@type\":\"WebPage\",\"@id\":\"https:\/\/www.agrimprove.com\/pt-br\/vitafibra-the-third-generation-of-fibers\/\",\"url\":\"https:\/\/www.agrimprove.com\/pt-br\/vitafibra-the-third-generation-of-fibers\/\",\"name\":\"Vitafibra: A terceira gera\u00e7\u00e3o de fibras - Agrimprove\",\"isPartOf\":{\"@id\":\"https:\/\/www.agrimprove.com\/pt-br\/#website\"},\"primaryImageOfPage\":{\"@id\":\"https:\/\/www.agrimprove.com\/pt-br\/vitafibra-the-third-generation-of-fibers\/#primaryimage\"},\"image\":{\"@id\":\"https:\/\/www.agrimprove.com\/pt-br\/vitafibra-the-third-generation-of-fibers\/#primaryimage\"},\"thumbnailUrl\":\"https:\/\/www.agrimprove.com\/wp-content\/uploads\/2019\/09\/shutterstock_519329620_sized.jpg\",\"datePublished\":\"2019-09-03T13:25:55+00:00\",\"dateModified\":\"2026-04-22T08:23:43+00:00\",\"author\":{\"@id\":\"https:\/\/www.agrimprove.com\/pt-br\/#\/schema\/person\/74696d390f9412a77e4309b63117c0fb\"},\"description\":\"Descubra o Vitafibra, fibras de terceira gera\u00e7\u00e3o, e seu papel na nutri\u00e7\u00e3o animal, com informa\u00e7\u00f5es sobre funcionalidade e estrat\u00e9gias de alimenta\u00e7\u00e3o.\",\"breadcrumb\":{\"@id\":\"https:\/\/www.agrimprove.com\/pt-br\/vitafibra-the-third-generation-of-fibers\/#breadcrumb\"},\"inLanguage\":\"pt-BR\",\"potentialAction\":[{\"@type\":\"ReadAction\",\"target\":[\"https:\/\/www.agrimprove.com\/pt-br\/vitafibra-the-third-generation-of-fibers\/\"]}]},{\"@type\":\"ImageObject\",\"inLanguage\":\"pt-BR\",\"@id\":\"https:\/\/www.agrimprove.com\/pt-br\/vitafibra-the-third-generation-of-fibers\/#primaryimage\",\"url\":\"https:\/\/www.agrimprove.com\/wp-content\/uploads\/2019\/09\/shutterstock_519329620_sized.jpg\",\"contentUrl\":\"https:\/\/www.agrimprove.com\/wp-content\/uploads\/2019\/09\/shutterstock_519329620_sized.jpg\",\"width\":2560,\"height\":1707},{\"@type\":\"BreadcrumbList\",\"@id\":\"https:\/\/www.agrimprove.com\/pt-br\/vitafibra-the-third-generation-of-fibers\/#breadcrumb\",\"itemListElement\":[{\"@type\":\"ListItem\",\"position\":1,\"name\":\"Home\",\"item\":\"https:\/\/www.agrimprove.com\/pt-br\/\"},{\"@type\":\"ListItem\",\"position\":2,\"name\":\"Vitafibra: A terceira gera\u00e7\u00e3o de fibras\"}]},{\"@type\":\"WebSite\",\"@id\":\"https:\/\/www.agrimprove.com\/pt-br\/#website\",\"url\":\"https:\/\/www.agrimprove.com\/pt-br\/\",\"name\":\"Agrimprove\",\"description\":\"We farm ideas\",\"potentialAction\":[{\"@type\":\"SearchAction\",\"target\":{\"@type\":\"EntryPoint\",\"urlTemplate\":\"https:\/\/www.agrimprove.com\/pt-br\/?s={search_term_string}\"},\"query-input\":{\"@type\":\"PropertyValueSpecification\",\"valueRequired\":true,\"valueName\":\"search_term_string\"}}],\"inLanguage\":\"pt-BR\"},{\"@type\":\"Person\",\"@id\":\"https:\/\/www.agrimprove.com\/pt-br\/#\/schema\/person\/74696d390f9412a77e4309b63117c0fb\",\"name\":\"thinc\",\"image\":{\"@type\":\"ImageObject\",\"inLanguage\":\"pt-BR\",\"@id\":\"https:\/\/www.agrimprove.com\/pt-br\/#\/schema\/person\/image\/\",\"url\":\"https:\/\/secure.gravatar.com\/avatar\/b56db510bd7663a39deb639dbc5ff36182903f49a8257dd9dca588f8be5220be?s=96&d=mm&r=g\",\"contentUrl\":\"https:\/\/secure.gravatar.com\/avatar\/b56db510bd7663a39deb639dbc5ff36182903f49a8257dd9dca588f8be5220be?s=96&d=mm&r=g\",\"caption\":\"thinc\"},\"url\":\"https:\/\/www.agrimprove.com\/pt-br\/author\/thinc\/\"}]}<\/script>\n<!-- \/ Yoast SEO plugin. -->","yoast_head_json":{"title":"Vitafibra: A terceira gera\u00e7\u00e3o de fibras - Agrimprove","description":"Descubra o Vitafibra, fibras de terceira gera\u00e7\u00e3o, e seu papel na nutri\u00e7\u00e3o animal, com informa\u00e7\u00f5es sobre funcionalidade e estrat\u00e9gias de alimenta\u00e7\u00e3o.","robots":{"index":"index","follow":"follow","max-snippet":"max-snippet:-1","max-image-preview":"max-image-preview:large","max-video-preview":"max-video-preview:-1"},"canonical":"https:\/\/www.agrimprove.com\/pt-br\/vitafibra-the-third-generation-of-fibers\/","og_locale":"pt_BR","og_type":"article","og_title":"Vitafibra: A terceira gera\u00e7\u00e3o de fibras - Agrimprove","og_description":"Descubra o Vitafibra, fibras de terceira gera\u00e7\u00e3o, e seu papel na nutri\u00e7\u00e3o animal, com informa\u00e7\u00f5es sobre funcionalidade e estrat\u00e9gias de alimenta\u00e7\u00e3o.","og_url":"https:\/\/www.agrimprove.com\/pt-br\/vitafibra-the-third-generation-of-fibers\/","og_site_name":"Agrimprove","article_publisher":"https:\/\/www.facebook.com\/Agrimprove-107026970835037","article_published_time":"2019-09-03T13:25:55+00:00","article_modified_time":"2026-04-22T08:23:43+00:00","og_image":[{"width":2560,"height":1707,"url":"https:\/\/www.agrimprove.com\/wp-content\/uploads\/2019\/09\/shutterstock_519329620_sized.jpg","type":"image\/jpeg"}],"author":"thinc","twitter_card":"summary_large_image","twitter_misc":{"Escrito por":"thinc","Est. tempo de leitura":"4 minutos"},"schema":{"@context":"https:\/\/schema.org","@graph":[{"@type":"Article","@id":"https:\/\/www.agrimprove.com\/pt-br\/vitafibra-the-third-generation-of-fibers\/#article","isPartOf":{"@id":"https:\/\/www.agrimprove.com\/pt-br\/vitafibra-the-third-generation-of-fibers\/"},"author":{"name":"thinc","@id":"https:\/\/www.agrimprove.com\/pt-br\/#\/schema\/person\/74696d390f9412a77e4309b63117c0fb"},"headline":"Vitafibra: A terceira gera\u00e7\u00e3o de fibras","datePublished":"2019-09-03T13:25:55+00:00","dateModified":"2026-04-22T08:23:43+00:00","mainEntityOfPage":{"@id":"https:\/\/www.agrimprove.com\/pt-br\/vitafibra-the-third-generation-of-fibers\/"},"wordCount":602,"commentCount":0,"image":{"@id":"https:\/\/www.agrimprove.com\/pt-br\/vitafibra-the-third-generation-of-fibers\/#primaryimage"},"thumbnailUrl":"https:\/\/www.agrimprove.com\/wp-content\/uploads\/2019\/09\/shutterstock_519329620_sized.jpg","articleSection":["Conte\u00fado especializado"],"inLanguage":"pt-BR","potentialAction":[{"@type":"CommentAction","name":"Comment","target":["https:\/\/www.agrimprove.com\/pt-br\/vitafibra-the-third-generation-of-fibers\/#respond"]}]},{"@type":"WebPage","@id":"https:\/\/www.agrimprove.com\/pt-br\/vitafibra-the-third-generation-of-fibers\/","url":"https:\/\/www.agrimprove.com\/pt-br\/vitafibra-the-third-generation-of-fibers\/","name":"Vitafibra: A terceira gera\u00e7\u00e3o de fibras - Agrimprove","isPartOf":{"@id":"https:\/\/www.agrimprove.com\/pt-br\/#website"},"primaryImageOfPage":{"@id":"https:\/\/www.agrimprove.com\/pt-br\/vitafibra-the-third-generation-of-fibers\/#primaryimage"},"image":{"@id":"https:\/\/www.agrimprove.com\/pt-br\/vitafibra-the-third-generation-of-fibers\/#primaryimage"},"thumbnailUrl":"https:\/\/www.agrimprove.com\/wp-content\/uploads\/2019\/09\/shutterstock_519329620_sized.jpg","datePublished":"2019-09-03T13:25:55+00:00","dateModified":"2026-04-22T08:23:43+00:00","author":{"@id":"https:\/\/www.agrimprove.com\/pt-br\/#\/schema\/person\/74696d390f9412a77e4309b63117c0fb"},"description":"Descubra o Vitafibra, fibras de terceira gera\u00e7\u00e3o, e seu papel na nutri\u00e7\u00e3o animal, com informa\u00e7\u00f5es sobre funcionalidade e estrat\u00e9gias de alimenta\u00e7\u00e3o.","breadcrumb":{"@id":"https:\/\/www.agrimprove.com\/pt-br\/vitafibra-the-third-generation-of-fibers\/#breadcrumb"},"inLanguage":"pt-BR","potentialAction":[{"@type":"ReadAction","target":["https:\/\/www.agrimprove.com\/pt-br\/vitafibra-the-third-generation-of-fibers\/"]}]},{"@type":"ImageObject","inLanguage":"pt-BR","@id":"https:\/\/www.agrimprove.com\/pt-br\/vitafibra-the-third-generation-of-fibers\/#primaryimage","url":"https:\/\/www.agrimprove.com\/wp-content\/uploads\/2019\/09\/shutterstock_519329620_sized.jpg","contentUrl":"https:\/\/www.agrimprove.com\/wp-content\/uploads\/2019\/09\/shutterstock_519329620_sized.jpg","width":2560,"height":1707},{"@type":"BreadcrumbList","@id":"https:\/\/www.agrimprove.com\/pt-br\/vitafibra-the-third-generation-of-fibers\/#breadcrumb","itemListElement":[{"@type":"ListItem","position":1,"name":"Home","item":"https:\/\/www.agrimprove.com\/pt-br\/"},{"@type":"ListItem","position":2,"name":"Vitafibra: A terceira gera\u00e7\u00e3o de fibras"}]},{"@type":"WebSite","@id":"https:\/\/www.agrimprove.com\/pt-br\/#website","url":"https:\/\/www.agrimprove.com\/pt-br\/","name":"Agrimprove","description":"We farm ideas","potentialAction":[{"@type":"SearchAction","target":{"@type":"EntryPoint","urlTemplate":"https:\/\/www.agrimprove.com\/pt-br\/?s={search_term_string}"},"query-input":{"@type":"PropertyValueSpecification","valueRequired":true,"valueName":"search_term_string"}}],"inLanguage":"pt-BR"},{"@type":"Person","@id":"https:\/\/www.agrimprove.com\/pt-br\/#\/schema\/person\/74696d390f9412a77e4309b63117c0fb","name":"thinc","image":{"@type":"ImageObject","inLanguage":"pt-BR","@id":"https:\/\/www.agrimprove.com\/pt-br\/#\/schema\/person\/image\/","url":"https:\/\/secure.gravatar.com\/avatar\/b56db510bd7663a39deb639dbc5ff36182903f49a8257dd9dca588f8be5220be?s=96&d=mm&r=g","contentUrl":"https:\/\/secure.gravatar.com\/avatar\/b56db510bd7663a39deb639dbc5ff36182903f49a8257dd9dca588f8be5220be?s=96&d=mm&r=g","caption":"thinc"},"url":"https:\/\/www.agrimprove.com\/pt-br\/author\/thinc\/"}]}},"_links":{"self":[{"href":"https:\/\/www.agrimprove.com\/pt-br\/wp-json\/wp\/v2\/posts\/8951","targetHints":{"allow":["GET"]}}],"collection":[{"href":"https:\/\/www.agrimprove.com\/pt-br\/wp-json\/wp\/v2\/posts"}],"about":[{"href":"https:\/\/www.agrimprove.com\/pt-br\/wp-json\/wp\/v2\/types\/post"}],"author":[{"embeddable":true,"href":"https:\/\/www.agrimprove.com\/pt-br\/wp-json\/wp\/v2\/users\/1"}],"replies":[{"embeddable":true,"href":"https:\/\/www.agrimprove.com\/pt-br\/wp-json\/wp\/v2\/comments?post=8951"}],"version-history":[{"count":6,"href":"https:\/\/www.agrimprove.com\/pt-br\/wp-json\/wp\/v2\/posts\/8951\/revisions"}],"predecessor-version":[{"id":37468,"href":"https:\/\/www.agrimprove.com\/pt-br\/wp-json\/wp\/v2\/posts\/8951\/revisions\/37468"}],"wp:featuredmedia":[{"embeddable":true,"href":"https:\/\/www.agrimprove.com\/pt-br\/wp-json\/wp\/v2\/media\/8934"}],"wp:attachment":[{"href":"https:\/\/www.agrimprove.com\/pt-br\/wp-json\/wp\/v2\/media?parent=8951"}],"wp:term":[{"taxonomy":"category","embeddable":true,"href":"https:\/\/www.agrimprove.com\/pt-br\/wp-json\/wp\/v2\/categories?post=8951"},{"taxonomy":"post_tag","embeddable":true,"href":"https:\/\/www.agrimprove.com\/pt-br\/wp-json\/wp\/v2\/tags?post=8951"}],"curies":[{"name":"wp","href":"https:\/\/api.w.org\/{rel}","templated":true}]}}